{"id":153,"date":"2023-06-27T18:03:00","date_gmt":"2023-06-27T18:03:00","guid":{"rendered":"https:\/\/historiaintelectual.es\/?p=153"},"modified":"2023-06-27T18:03:00","modified_gmt":"2023-06-27T18:03:00","slug":"palabras-del-pasado-representaciones-del-futuro-homenaje-a-javier-f-sebastian","status":"publish","type":"post","link":"https:\/\/historiaintelectual.es\/?p=153","title":{"rendered":"\u00abPalabras del pasado, representaciones del futuro. Homenaje a Javier F. Sebasti\u00e1n."},"content":{"rendered":"\n<div class=\"wp-block-columns is-layout-flex wp-container-2\">\n<div class=\"wp-block-column is-layout-flow\"><div class=\"wp-block-image\">\n<figure class=\"aligncenter size-full\"><img decoding=\"async\" src=\"https:\/\/javierfsebastian.es\/wp-content\/uploads\/2023\/06\/Captura-de-pantalla-2023-06-27-020329.png\" alt=\"\" class=\"wp-image-308\"\/><\/figure><\/div><\/div>\n<\/div>\n\n\n\n<p class=\"has-black-color has-text-color\">El d\u00eda 28 de septiembre de 2023, de 18:00 a 19:30, tendr\u00e1 lugar en el Centro de Estudios Pol\u00edticos y Constitucionales un acto de <strong>homenaje al profesor Javier Fern\u00e1ndez Sebasti\u00e1n<\/strong>. Os invitamos a acudir al evento (aforo limitado). La inscripci\u00f3n (online o presencial) puede realizarse en el siguiente enlace:<\/p>\n\n\n\n<ul>\n<li><a href=\"https:\/\/www.cepc.gob.es\/contact\/inscripcion_conferencia\">https:\/\/www.cepc.gob.es\/contact\/inscripcion_conferencia<\/a><\/li>\n<\/ul>\n","protected":false},"excerpt":{"rendered":"<p>El d\u00eda 28 de septiembre de 2023, de 18:00 a 19:30, tendr\u00e1 lugar en el Centro de Estudios Pol\u00edticos y Constitucionales un acto de homenaje al profesor Javier Fern\u00e1ndez Sebasti\u00e1n. Os invitamos a acudir al evento (aforo limitado). La inscripci\u00f3n&#8230; <a class=\"more-link\" href=\"https:\/\/historiaintelectual.es\/?p=153\">Seguir leyendo &rarr;<\/a><\/p>\n","protected":false},"author":1,"featured_media":0,"comment_status":"open","ping_status":"open","sticky":false,"template":"","format":"standard","meta":[],"categories":[1],"tags":[],"_links":{"self":[{"href":"https:\/\/historiaintelectual.es\/index.php?rest_route=\/wp\/v2\/posts\/153"}],"collection":[{"href":"https:\/\/historiaintelectual.es\/index.php?rest_route=\/wp\/v2\/posts"}],"about":[{"href":"https:\/\/historiaintelectual.es\/index.php?rest_route=\/wp\/v2\/types\/post"}],"author":[{"embeddable":true,"href":"https:\/\/historiaintelectual.es\/index.php?rest_route=\/wp\/v2\/users\/1"}],"replies":[{"embeddable":true,"href":"https:\/\/historiaintelectual.es\/index.php?rest_route=%2Fwp%2Fv2%2Fcomments&post=153"}],"version-history":[{"count":1,"href":"https:\/\/historiaintelectual.es\/index.php?rest_route=\/wp\/v2\/posts\/153\/revisions"}],"predecessor-version":[{"id":154,"href":"https:\/\/historiaintelectual.es\/index.php?rest_route=\/wp\/v2\/posts\/153\/revisions\/154"}],"wp:attachment":[{"href":"https:\/\/historiaintelectual.es\/index.php?rest_route=%2Fwp%2Fv2%2Fmedia&parent=153"}],"wp:term":[{"taxonomy":"category","embeddable":true,"href":"https:\/\/historiaintelectual.es\/index.php?rest_route=%2Fwp%2Fv2%2Fcategories&post=153"},{"taxonomy":"post_tag","embeddable":true,"href":"https:\/\/historiaintelectual.es\/index.php?rest_route=%2Fwp%2Fv2%2Ftags&post=153"}],"curies":[{"name":"wp","href":"https:\/\/api.w.org\/{rel}","templated":true}]}}